{"id":8718,"date":"2022-09-16T20:12:27","date_gmt":"2022-09-16T20:12:27","guid":{"rendered":"https:\/\/cig-icg.gr\/?p=8718"},"modified":"2023-01-08T20:15:57","modified_gmt":"2023-01-08T20:15:57","slug":"de-retour-a-kerdylion","status":"publish","type":"post","link":"https:\/\/www.cig-icg.gr\/fr\/de-retour-a-kerdylion\/","title":{"rendered":"De retour \u00e0 Kerdylion"},"content":{"rendered":"<h6 style=\"text-align: center;\"><img decoding=\"async\" class=\"lazyload aligncenter wp-image-8703 size-fusion-600\" src=\"https:\/\/cig-icg.gr\/wp-content\/uploads\/2023\/01\/Kerdylion_2022_1-600x450.jpg\" data-orig-src=\"https:\/\/cig-icg.gr\/wp-content\/uploads\/2023\/01\/Kerdylion_2022_1-600x450.jpg\" alt=\"\" width=\"600\" height=\"450\" srcset=\"data:image\/svg+xml,%3Csvg%20xmlns%3D%27http%3A%2F%2Fwww.w3.org%2F2000%2Fsvg%27%20width%3D%27600%27%20height%3D%27450%27%20viewBox%3D%270%200%20600%20450%27%3E%3Crect%20width%3D%27600%27%20height%3D%27450%27%20fill-opacity%3D%220%22%2F%3E%3C%2Fsvg%3E\" data-srcset=\"https:\/\/www.cig-icg.gr\/wp-content\/uploads\/2023\/01\/Kerdylion_2022_1-200x150.jpg 200w, https:\/\/www.cig-icg.gr\/wp-content\/uploads\/2023\/01\/Kerdylion_2022_1-300x225.jpg 300w, https:\/\/www.cig-icg.gr\/wp-content\/uploads\/2023\/01\/Kerdylion_2022_1-400x300.jpg 400w, https:\/\/www.cig-icg.gr\/wp-content\/uploads\/2023\/01\/Kerdylion_2022_1-500x375.jpg 500w, https:\/\/www.cig-icg.gr\/wp-content\/uploads\/2023\/01\/Kerdylion_2022_1-600x450.jpg 600w, https:\/\/www.cig-icg.gr\/wp-content\/uploads\/2023\/01\/Kerdylion_2022_1.jpg 667w\" data-sizes=\"auto\" data-orig-sizes=\"(max-width: 600px) 100vw, 600px\" \/><em>Photo a\u00e9rienne de la fin des fouilles<\/em><\/h6>\n<div class=\"field field-name-body field-type-text-with-summary field-label-hidden\">\n<div class=\"field-items\">\n<div class=\"field-item even\">\n<h4>Pour un deuxi\u00e8me \u00e9t\u00e9 cons\u00e9cutif, un groupe d\u2019\u00e9tudiants a pris part aux fouilles de l\u2019ancienne Kerdylion. Fond\u00e9e au 6e si\u00e8cle avant notre \u00e8re par Argilos, c\u2019est sans surprise que l\u2019histoire de cet \u00e9tablissement, tout comme la recherche qui y est men\u00e9e, soient \u00e9troitement li\u00e9es \u00e0 celles d\u2019Argilos.<\/h4>\n<h6 style=\"text-align: center;\"><img decoding=\"async\" class=\"lazyload aligncenter wp-image-8709 size-fusion-600\" src=\"https:\/\/cig-icg.gr\/wp-content\/uploads\/2023\/01\/Kerdylion_2022_2-600x450.jpg\" data-orig-src=\"https:\/\/cig-icg.gr\/wp-content\/uploads\/2023\/01\/Kerdylion_2022_2-600x450.jpg\" alt=\"\" width=\"600\" height=\"450\" srcset=\"data:image\/svg+xml,%3Csvg%20xmlns%3D%27http%3A%2F%2Fwww.w3.org%2F2000%2Fsvg%27%20width%3D%27600%27%20height%3D%27450%27%20viewBox%3D%270%200%20600%20450%27%3E%3Crect%20width%3D%27600%27%20height%3D%27450%27%20fill-opacity%3D%220%22%2F%3E%3C%2Fsvg%3E\" data-srcset=\"https:\/\/www.cig-icg.gr\/wp-content\/uploads\/2023\/01\/Kerdylion_2022_2-200x150.jpg 200w, https:\/\/www.cig-icg.gr\/wp-content\/uploads\/2023\/01\/Kerdylion_2022_2-300x225.jpg 300w, https:\/\/www.cig-icg.gr\/wp-content\/uploads\/2023\/01\/Kerdylion_2022_2-400x300.jpg 400w, https:\/\/www.cig-icg.gr\/wp-content\/uploads\/2023\/01\/Kerdylion_2022_2-500x375.jpg 500w, https:\/\/www.cig-icg.gr\/wp-content\/uploads\/2023\/01\/Kerdylion_2022_2-600x450.jpg 600w, https:\/\/www.cig-icg.gr\/wp-content\/uploads\/2023\/01\/Kerdylion_2022_2.jpg 667w\" data-sizes=\"auto\" data-orig-sizes=\"(max-width: 600px) 100vw, 600px\" \/><em>On d\u00e9gage le mur !<\/em><\/h6>\n<h4>Les travaux se concentrant sur la fortification de l\u2019\u00e9tablissement, les objectifs principaux de cette saison de fouille \u00e9taient de d\u00e9gager certaines sections du rempart, de confirmer l\u2019orientation du trac\u00e9 au Nord de la porte de la ville et d\u2019effectuer des fouilles \u00e0 l\u2019int\u00e9rieur des d\u00e9fenses afin de mieux comprendre la chronologie.<\/h4>\n<h6 style=\"text-align: center;\"><img decoding=\"async\" class=\"lazyload aligncenter wp-image-8712 size-full\" src=\"https:\/\/cig-icg.gr\/wp-content\/uploads\/2023\/01\/Kerdylion_2022_3.jpg\" data-orig-src=\"https:\/\/cig-icg.gr\/wp-content\/uploads\/2023\/01\/Kerdylion_2022_3.jpg\" alt=\"\" width=\"500\" height=\"500\" srcset=\"data:image\/svg+xml,%3Csvg%20xmlns%3D%27http%3A%2F%2Fwww.w3.org%2F2000%2Fsvg%27%20width%3D%27500%27%20height%3D%27500%27%20viewBox%3D%270%200%20500%20500%27%3E%3Crect%20width%3D%27500%27%20height%3D%27500%27%20fill-opacity%3D%220%22%2F%3E%3C%2Fsvg%3E\" data-srcset=\"https:\/\/www.cig-icg.gr\/wp-content\/uploads\/2023\/01\/Kerdylion_2022_3-66x66.jpg 66w, https:\/\/www.cig-icg.gr\/wp-content\/uploads\/2023\/01\/Kerdylion_2022_3-150x150.jpg 150w, https:\/\/www.cig-icg.gr\/wp-content\/uploads\/2023\/01\/Kerdylion_2022_3-200x200.jpg 200w, https:\/\/www.cig-icg.gr\/wp-content\/uploads\/2023\/01\/Kerdylion_2022_3-300x300.jpg 300w, https:\/\/www.cig-icg.gr\/wp-content\/uploads\/2023\/01\/Kerdylion_2022_3-400x400.jpg 400w, https:\/\/www.cig-icg.gr\/wp-content\/uploads\/2023\/01\/Kerdylion_2022_3.jpg 500w\" data-sizes=\"auto\" data-orig-sizes=\"(max-width: 500px) 100vw, 500px\" \/><em>Dessin stratigraphique avec Elena, Jan et Ashley<\/em><\/h6>\n<h4>Les nombreuses d\u00e9couvertes, dont deux monnaies frapp\u00e9es lors du r\u00e8gne d\u2019Alexandre le Grand, se sont r\u00e9v\u00e9l\u00e9es significatives. Alors que la majorit\u00e9 du mat\u00e9riel mis au jour date du 4e si\u00e8cle avant notre \u00e8re, notre hypoth\u00e8se selon laquelle les Mac\u00e9doniens seraient \u00e0 l\u2019origine de la construction de la fortification de Kerdylion demeure plausible.<\/h4>\n<h6 style=\"text-align: center;\"><img decoding=\"async\" class=\"lazyload aligncenter wp-image-8715 size-fusion-600\" src=\"https:\/\/cig-icg.gr\/wp-content\/uploads\/2023\/01\/Kerdylion_2022_4-600x450.jpg\" data-orig-src=\"https:\/\/cig-icg.gr\/wp-content\/uploads\/2023\/01\/Kerdylion_2022_4-600x450.jpg\" alt=\"\" width=\"600\" height=\"450\" srcset=\"data:image\/svg+xml,%3Csvg%20xmlns%3D%27http%3A%2F%2Fwww.w3.org%2F2000%2Fsvg%27%20width%3D%27600%27%20height%3D%27450%27%20viewBox%3D%270%200%20600%20450%27%3E%3Crect%20width%3D%27600%27%20height%3D%27450%27%20fill-opacity%3D%220%22%2F%3E%3C%2Fsvg%3E\" data-srcset=\"https:\/\/www.cig-icg.gr\/wp-content\/uploads\/2023\/01\/Kerdylion_2022_4-200x150.jpg 200w, https:\/\/www.cig-icg.gr\/wp-content\/uploads\/2023\/01\/Kerdylion_2022_4-300x225.jpg 300w, https:\/\/www.cig-icg.gr\/wp-content\/uploads\/2023\/01\/Kerdylion_2022_4-400x300.jpg 400w, https:\/\/www.cig-icg.gr\/wp-content\/uploads\/2023\/01\/Kerdylion_2022_4-500x375.jpg 500w, https:\/\/www.cig-icg.gr\/wp-content\/uploads\/2023\/01\/Kerdylion_2022_4-600x450.jpg 600w, https:\/\/www.cig-icg.gr\/wp-content\/uploads\/2023\/01\/Kerdylion_2022_4.jpg 667w\" data-sizes=\"auto\" data-orig-sizes=\"(max-width: 600px) 100vw, 600px\" \/><em>\u00c9quipe de Kerdylion 2022<\/em><\/h6>\n<h4>Un grand merci aux \u00e9tudiants qui ont particip\u00e9 \u00e0 la saison de fouille 2022 et qui ont contribu\u00e9 \u00e0 sa r\u00e9ussite!<\/h4>\n<h4>Keven Ouellet, Universit\u00e9 de Montr\u00e9al (responsable pour la partie canadienne)<\/h4>\n<\/div>\n<\/div>\n<\/div>\n","protected":false},"excerpt":{"rendered":"<p>Photo a\u00e9rienne de la fin des fouilles Pour un deuxi\u00e8me \u00e9t\u00e9 cons\u00e9cutif, un groupe d\u2019\u00e9tudiants a pris part aux fouilles de l\u2019ancienne Kerdylion. Fond\u00e9e au 6e si\u00e8cle avant notre \u00e8re par Argilos, c\u2019est sans surprise que l\u2019histoire de<\/p>\n","protected":false},"author":1,"featured_media":8706,"comment_status":"open","ping_status":"open","sticky":false,"template":"","format":"standard","meta":{"_EventAllDay":false,"_EventTimezone":"","_EventStartDate":"","_EventEndDate":"","_EventStartDateUTC":"","_EventEndDateUTC":"","_EventShowMap":false,"_EventShowMapLink":false,"_EventURL":"","_EventCost":"","_EventCostDescription":"","_EventCurrencySymbol":"","_EventCurrencyCode":"","_EventCurrencyPosition":"","_EventDateTimeSeparator":"","_EventTimeRangeSeparator":"","_EventOrganizerID":[],"_EventVenueID":[],"_OrganizerEmail":"","_OrganizerPhone":"","_OrganizerWebsite":"","_VenueAddress":"","_VenueCity":"","_VenueCountry":"","_VenueProvince":"","_VenueState":"","_VenueZip":"","_VenuePhone":"","_VenueURL":"","_VenueStateProvince":"","_VenueLat":"","_VenueLng":"","_VenueShowMap":false,"_VenueShowMapLink":false,"footnotes":""},"categories":[104],"tags":[],"class_list":["post-8718","post","type-post","status-publish","format-standard","has-post-thumbnail","hentry","category-104"],"_links":{"self":[{"href":"https:\/\/www.cig-icg.gr\/fr\/wp-json\/wp\/v2\/posts\/8718","targetHints":{"allow":["GET"]}}],"collection":[{"href":"https:\/\/www.cig-icg.gr\/fr\/wp-json\/wp\/v2\/posts"}],"about":[{"href":"https:\/\/www.cig-icg.gr\/fr\/wp-json\/wp\/v2\/types\/post"}],"author":[{"embeddable":true,"href":"https:\/\/www.cig-icg.gr\/fr\/wp-json\/wp\/v2\/users\/1"}],"replies":[{"embeddable":true,"href":"https:\/\/www.cig-icg.gr\/fr\/wp-json\/wp\/v2\/comments?post=8718"}],"version-history":[{"count":0,"href":"https:\/\/www.cig-icg.gr\/fr\/wp-json\/wp\/v2\/posts\/8718\/revisions"}],"wp:featuredmedia":[{"embeddable":true,"href":"https:\/\/www.cig-icg.gr\/fr\/wp-json\/wp\/v2\/media\/8706"}],"wp:attachment":[{"href":"https:\/\/www.cig-icg.gr\/fr\/wp-json\/wp\/v2\/media?parent=8718"}],"wp:term":[{"taxonomy":"category","embeddable":true,"href":"https:\/\/www.cig-icg.gr\/fr\/wp-json\/wp\/v2\/categories?post=8718"},{"taxonomy":"post_tag","embeddable":true,"href":"https:\/\/www.cig-icg.gr\/fr\/wp-json\/wp\/v2\/tags?post=8718"}],"curies":[{"name":"wp","href":"https:\/\/api.w.org\/{rel}","templated":true}]}}